{"id":1978,"date":"2018-02-26T00:00:00","date_gmt":"2018-02-26T00:00:00","guid":{"rendered":"https:\/\/www.pondlehocky.com\/el-socio-tom-giordano-modera-la-mesa-redonda-sobre-discapacidad-de-la-seguridad-social\/"},"modified":"2024-07-24T16:49:12","modified_gmt":"2024-07-24T16:49:12","slug":"el-socio-tom-giordano-modera-la-mesa-redonda-sobre-discapacidad-de-la-seguridad-social","status":"publish","type":"post","link":"https:\/\/www.pondlehocky.com\/es\/noticias\/el-socio-tom-giordano-modera-la-mesa-redonda-sobre-discapacidad-de-la-seguridad-social\/","title":{"rendered":"El socio Tom Giordano modera la mesa redonda sobre discapacidad de la Seguridad Social"},"content":{"rendered":"    <section class=\"pl-block pl-raw-content mb-7 pl-t [&#038;.border-t-2]:pt-8  \">\n        <p>Esta semana, <a href=\"https:\/\/www.pondlehocky.com\/our-people\/thomas-j-giordano-jr\/\" target=\"_blank\" rel=\"noopener noreferrer\">el socio Tom Giordano<\/a> moder\u00f3 un panel organizado por el Comit\u00e9 de Beneficios de Incapacidad del Seguro Social de la Asociaci\u00f3n de Abogados de Filadelfia, \u00abJusticia retrasada: Un panel de discusi\u00f3n sobre la crisis de los atrasos de la Seguridad Social por incapacidad\u00bb. El panel debati\u00f3 el excelente art\u00edculo del Philadelphia Inquirer escrito por Claudia Vargas, que arroja luz sobre la crisis de servicios p\u00fablicos que afecta actualmente a cientos de miles de estadounidenses discapacitados que esperan simplemente que sus casos de discapacidad sean atendidos por un juez. Actualmente, los habitantes de Filadelfia y los estadounidenses discapacitados de todo el pa\u00eds est\u00e1n esperando m\u00e1s de dos a\u00f1os para comparecer ante un juez. En 2017, m\u00e1s de 5.000 personas murieron esperando su audiencia.<\/p>\n<p>Los panelistas incluyen: El congresista Brendan Boyle, escritora del Philadelphia Inquirer Claudia Vargas, Abogada Supervisora \/ Becaria de la Comunidad de Servicios Legales de Filadelfia Jennifer Burdick, Esq., y Claire Grandison, Esq., Abogada de la Comunidad de Servicios Legales de Filadelfia se reunieron en la oficina de la firma en el Centro de la Ciudad anoche para discutir la necesidad de un cambio dentro del sistema de discapacidad del Seguro Social, y c\u00f3mo los abogados y los clientes pueden abogar por este cambio necesario a trav\u00e9s de la acci\u00f3n pol\u00edtica.<\/p>\n<p>\u00abLos que ejercemos la Seguridad Social nos enfrentamos a los retrasos todos los d\u00edas, y muchas veces lo que le digo a la gente es que se dirija a su representante y que sea pol\u00edticamente activo\u00bb, dijo el socio Tom Giordano, Jr.<\/p>\n<p>Ay\u00fadenos a proteger la Seguridad Social <a href=\"https:\/\/act.commoncause.org\/site\/PageServer?pagename=sunlight_advocacy_list_page\" target=\"_blank\" rel=\"noopener noreferrer\">poni\u00e9ndose en contacto con sus representantes<\/a> y dici\u00e9ndoles que defiendan sus derechos.<\/p>\n    <\/section>\n\n","protected":false},"excerpt":{"rendered":"","protected":false},"author":1,"featured_media":1694,"comment_status":"open","ping_status":"open","sticky":false,"template":"","format":"standard","meta":{"_acf_changed":true,"footnotes":"","_elementor_data":""},"categories":[14],"tags":[],"class_list":["post-1978","post","type-post","status-publish","format-standard","has-post-thumbnail","hentry","category-noticias"],"acf":[],"page_builder_type":"gutenberg","gutenberg_data":[],"yoast_head":"<!-- This site is optimized with the Yoast SEO Premium plugin v27.4 (Yoast SEO v27.4) - https:\/\/yoast.com\/product\/yoast-seo-premium-wordpress\/ -->\n<title>El socio Tom Giordano modera la mesa redonda sobre discapacidad de la Seguridad Social | Pond Lehocky Giordano LLP<\/title>\n<meta name=\"description\" content=\"Esta semana, el socio Tom Giordano moder\u00f3 un panel organizado por el Comit\u00e9 de Beneficios de Incapacidad del Seguro Social de la Asociaci\u00f3n de Abogados de\u2026\" \/>\n<meta name=\"robots\" content=\"index, follow, max-snippet:-1, max-image-preview:large, max-video-preview:-1\" \/>\n<link rel=\"canonical\" href=\"https:\/\/www.pondlehocky.com\/es\/noticias\/el-socio-tom-giordano-modera-la-mesa-redonda-sobre-discapacidad-de-la-seguridad-social\/\" \/>\n<meta property=\"og:locale\" content=\"es_ES\" \/>\n<meta property=\"og:type\" content=\"article\" \/>\n<meta property=\"og:title\" content=\"El socio Tom Giordano modera la mesa redonda sobre discapacidad de la Seguridad Social\" \/>\n<meta property=\"og:description\" content=\"Esta semana, el socio Tom Giordano moder\u00f3 un panel organizado por el Comit\u00e9 de Beneficios de Incapacidad del Seguro Social de la Asociaci\u00f3n de Abogados de\u2026\" \/>\n<meta property=\"og:url\" content=\"https:\/\/www.pondlehocky.com\/es\/noticias\/el-socio-tom-giordano-modera-la-mesa-redonda-sobre-discapacidad-de-la-seguridad-social\/\" \/>\n<meta property=\"og:site_name\" content=\"Pond Lehocky Giordano, Inc.\" \/>\n<meta property=\"article:publisher\" content=\"https:\/\/www.instagram.com\/pondlehocky\/\" \/>\n<meta property=\"article:published_time\" content=\"2018-02-26T00:00:00+00:00\" \/>\n<meta property=\"article:modified_time\" content=\"2024-07-24T16:49:12+00:00\" \/>\n<meta property=\"og:image\" content=\"https:\/\/www.pondlehocky.com\/wp-content\/uploads\/2024\/05\/SetWidth1404-rsz-tomssdpanelplsg-version-10x.png\" \/>\n\t<meta property=\"og:image:width\" content=\"1404\" \/>\n\t<meta property=\"og:image:height\" content=\"936\" \/>\n\t<meta property=\"og:image:type\" content=\"image\/png\" \/>\n<meta name=\"author\" content=\"Pond Lehocky Giordano\" \/>\n<meta name=\"twitter:card\" content=\"summary_large_image\" \/>\n<meta name=\"twitter:label1\" content=\"Escrito por\" \/>\n\t<meta name=\"twitter:data1\" content=\"Pond Lehocky Giordano\" \/>\n\t<meta name=\"twitter:label2\" content=\"Tiempo de lectura\" \/>\n\t<meta name=\"twitter:data2\" content=\"1 minuto\" \/>\n<script type=\"application\/ld+json\" class=\"yoast-schema-graph\">{\"@context\":\"https:\\\/\\\/schema.org\",\"@graph\":[{\"@type\":\"Article\",\"@id\":\"https:\\\/\\\/www.pondlehocky.com\\\/es\\\/noticias\\\/el-socio-tom-giordano-modera-la-mesa-redonda-sobre-discapacidad-de-la-seguridad-social\\\/#article\",\"isPartOf\":{\"@id\":\"https:\\\/\\\/www.pondlehocky.com\\\/es\\\/noticias\\\/el-socio-tom-giordano-modera-la-mesa-redonda-sobre-discapacidad-de-la-seguridad-social\\\/\"},\"author\":{\"name\":\"Pond Lehocky Giordano\",\"@id\":\"https:\\\/\\\/www.pondlehocky.com\\\/es\\\/#\\\/schema\\\/person\\\/35ab62d43691100875722530e4c480fe\"},\"headline\":\"El socio Tom Giordano modera la mesa redonda sobre discapacidad de la Seguridad Social\",\"datePublished\":\"2018-02-26T00:00:00+00:00\",\"dateModified\":\"2024-07-24T16:49:12+00:00\",\"mainEntityOfPage\":{\"@id\":\"https:\\\/\\\/www.pondlehocky.com\\\/es\\\/noticias\\\/el-socio-tom-giordano-modera-la-mesa-redonda-sobre-discapacidad-de-la-seguridad-social\\\/\"},\"wordCount\":14,\"commentCount\":0,\"publisher\":{\"@id\":\"https:\\\/\\\/www.pondlehocky.com\\\/es\\\/#organization\"},\"image\":{\"@id\":\"https:\\\/\\\/www.pondlehocky.com\\\/es\\\/noticias\\\/el-socio-tom-giordano-modera-la-mesa-redonda-sobre-discapacidad-de-la-seguridad-social\\\/#primaryimage\"},\"thumbnailUrl\":\"https:\\\/\\\/www.pondlehocky.com\\\/wp-content\\\/uploads\\\/2024\\\/05\\\/SetWidth1404-rsz-tomssdpanelplsg-version-10x.png\",\"articleSection\":[\"Noticias\"],\"inLanguage\":\"es\",\"potentialAction\":[{\"@type\":\"CommentAction\",\"name\":\"Comment\",\"target\":[\"https:\\\/\\\/www.pondlehocky.com\\\/es\\\/noticias\\\/el-socio-tom-giordano-modera-la-mesa-redonda-sobre-discapacidad-de-la-seguridad-social\\\/#respond\"]}]},{\"@type\":\"WebPage\",\"@id\":\"https:\\\/\\\/www.pondlehocky.com\\\/es\\\/noticias\\\/el-socio-tom-giordano-modera-la-mesa-redonda-sobre-discapacidad-de-la-seguridad-social\\\/\",\"url\":\"https:\\\/\\\/www.pondlehocky.com\\\/es\\\/noticias\\\/el-socio-tom-giordano-modera-la-mesa-redonda-sobre-discapacidad-de-la-seguridad-social\\\/\",\"name\":\"El socio Tom Giordano modera la mesa redonda sobre discapacidad de la Seguridad Social | Pond Lehocky Giordano LLP\",\"isPartOf\":{\"@id\":\"https:\\\/\\\/www.pondlehocky.com\\\/es\\\/#website\"},\"primaryImageOfPage\":{\"@id\":\"https:\\\/\\\/www.pondlehocky.com\\\/es\\\/noticias\\\/el-socio-tom-giordano-modera-la-mesa-redonda-sobre-discapacidad-de-la-seguridad-social\\\/#primaryimage\"},\"image\":{\"@id\":\"https:\\\/\\\/www.pondlehocky.com\\\/es\\\/noticias\\\/el-socio-tom-giordano-modera-la-mesa-redonda-sobre-discapacidad-de-la-seguridad-social\\\/#primaryimage\"},\"thumbnailUrl\":\"https:\\\/\\\/www.pondlehocky.com\\\/wp-content\\\/uploads\\\/2024\\\/05\\\/SetWidth1404-rsz-tomssdpanelplsg-version-10x.png\",\"datePublished\":\"2018-02-26T00:00:00+00:00\",\"dateModified\":\"2024-07-24T16:49:12+00:00\",\"description\":\"Esta semana, el socio Tom Giordano moder\u00f3 un panel organizado por el Comit\u00e9 de Beneficios de Incapacidad del Seguro Social de la Asociaci\u00f3n de Abogados de\u2026\",\"breadcrumb\":{\"@id\":\"https:\\\/\\\/www.pondlehocky.com\\\/es\\\/noticias\\\/el-socio-tom-giordano-modera-la-mesa-redonda-sobre-discapacidad-de-la-seguridad-social\\\/#breadcrumb\"},\"inLanguage\":\"es\",\"potentialAction\":[{\"@type\":\"ReadAction\",\"target\":[\"https:\\\/\\\/www.pondlehocky.com\\\/es\\\/noticias\\\/el-socio-tom-giordano-modera-la-mesa-redonda-sobre-discapacidad-de-la-seguridad-social\\\/\"]}]},{\"@type\":\"ImageObject\",\"inLanguage\":\"es\",\"@id\":\"https:\\\/\\\/www.pondlehocky.com\\\/es\\\/noticias\\\/el-socio-tom-giordano-modera-la-mesa-redonda-sobre-discapacidad-de-la-seguridad-social\\\/#primaryimage\",\"url\":\"https:\\\/\\\/www.pondlehocky.com\\\/wp-content\\\/uploads\\\/2024\\\/05\\\/SetWidth1404-rsz-tomssdpanelplsg-version-10x.png\",\"contentUrl\":\"https:\\\/\\\/www.pondlehocky.com\\\/wp-content\\\/uploads\\\/2024\\\/05\\\/SetWidth1404-rsz-tomssdpanelplsg-version-10x.png\",\"width\":1404,\"height\":936,\"caption\":\"Tom Giordano Moderates for Social Security Disability Panel\"},{\"@type\":\"BreadcrumbList\",\"@id\":\"https:\\\/\\\/www.pondlehocky.com\\\/es\\\/noticias\\\/el-socio-tom-giordano-modera-la-mesa-redonda-sobre-discapacidad-de-la-seguridad-social\\\/#breadcrumb\",\"itemListElement\":[{\"@type\":\"ListItem\",\"position\":1,\"name\":\"Home\",\"item\":\"https:\\\/\\\/www.pondlehocky.com\\\/es\\\/homepage\\\/\"},{\"@type\":\"ListItem\",\"position\":2,\"name\":\"El socio Tom Giordano modera la mesa redonda sobre discapacidad de la Seguridad Social\"}]},{\"@type\":\"WebSite\",\"@id\":\"https:\\\/\\\/www.pondlehocky.com\\\/es\\\/#website\",\"url\":\"https:\\\/\\\/www.pondlehocky.com\\\/es\\\/\",\"name\":\"Pond Lehocky Giordano, Inc.\",\"description\":\"Largest workers\u2019 compensation and Social Security disability law firm in Pennsylvania\",\"publisher\":{\"@id\":\"https:\\\/\\\/www.pondlehocky.com\\\/es\\\/#organization\"},\"alternateName\":\"Pond Lehocky Giordano, Inc.\",\"potentialAction\":[{\"@type\":\"SearchAction\",\"target\":{\"@type\":\"EntryPoint\",\"urlTemplate\":\"https:\\\/\\\/www.pondlehocky.com\\\/es\\\/?s={search_term_string}\"},\"query-input\":{\"@type\":\"PropertyValueSpecification\",\"valueRequired\":true,\"valueName\":\"search_term_string\"}}],\"inLanguage\":\"es\"},{\"@type\":\"Organization\",\"@id\":\"https:\\\/\\\/www.pondlehocky.com\\\/es\\\/#organization\",\"name\":\"Pond Lehocky Giordano, Inc\",\"alternateName\":\"Pond Lehocky Giordano, Inc.\",\"url\":\"https:\\\/\\\/www.pondlehocky.com\\\/es\\\/\",\"logo\":{\"@type\":\"ImageObject\",\"inLanguage\":\"es\",\"@id\":\"https:\\\/\\\/www.pondlehocky.com\\\/es\\\/#\\\/schema\\\/logo\\\/image\\\/\",\"url\":\"https:\\\/\\\/www.pondlehocky.com\\\/wp-content\\\/uploads\\\/2024\\\/04\\\/pond-lehocky-logo.png\",\"contentUrl\":\"https:\\\/\\\/www.pondlehocky.com\\\/wp-content\\\/uploads\\\/2024\\\/04\\\/pond-lehocky-logo.png\",\"width\":355,\"height\":28,\"caption\":\"Pond Lehocky Giordano, Inc\"},\"image\":{\"@id\":\"https:\\\/\\\/www.pondlehocky.com\\\/es\\\/#\\\/schema\\\/logo\\\/image\\\/\"},\"sameAs\":[\"https:\\\/\\\/www.instagram.com\\\/pondlehocky\\\/\",\"https:\\\/\\\/www.youtube.com\\\/user\\\/pondlehocky\",\"https:\\\/\\\/www.tiktok.com\\\/@pondlehockygiordano\",\"https:\\\/\\\/www.facebook.com\\\/PondLehocky\",\"https:\\\/\\\/www.linkedin.com\\\/company\\\/pond-lehocky-giordano\\\/\"]},{\"@type\":\"Person\",\"@id\":\"https:\\\/\\\/www.pondlehocky.com\\\/es\\\/#\\\/schema\\\/person\\\/35ab62d43691100875722530e4c480fe\",\"name\":\"Pond Lehocky Giordano\",\"image\":{\"@type\":\"ImageObject\",\"inLanguage\":\"es\",\"@id\":\"https:\\\/\\\/secure.gravatar.com\\\/avatar\\\/72273a5cc5a08cabb6e52f1e1bbfe544ff9d2cf0d943ec0c53ac7d2c721fb024?s=96&d=mm&r=g\",\"url\":\"https:\\\/\\\/secure.gravatar.com\\\/avatar\\\/72273a5cc5a08cabb6e52f1e1bbfe544ff9d2cf0d943ec0c53ac7d2c721fb024?s=96&d=mm&r=g\",\"contentUrl\":\"https:\\\/\\\/secure.gravatar.com\\\/avatar\\\/72273a5cc5a08cabb6e52f1e1bbfe544ff9d2cf0d943ec0c53ac7d2c721fb024?s=96&d=mm&r=g\",\"caption\":\"Pond Lehocky Giordano\"},\"sameAs\":[\"https:\\\/\\\/www.pondlehocky.com\"],\"url\":\"https:\\\/\\\/www.pondlehocky.com\\\/es\\\/author\\\/pond-lehocky-giordano\\\/\"}]}<\/script>\n<!-- \/ Yoast SEO Premium plugin. -->","yoast_head_json":{"title":"El socio Tom Giordano modera la mesa redonda sobre discapacidad de la Seguridad Social | Pond Lehocky Giordano LLP","description":"Esta semana, el socio Tom Giordano moder\u00f3 un panel organizado por el Comit\u00e9 de Beneficios de Incapacidad del Seguro Social de la Asociaci\u00f3n de Abogados de\u2026","robots":{"index":"index","follow":"follow","max-snippet":"max-snippet:-1","max-image-preview":"max-image-preview:large","max-video-preview":"max-video-preview:-1"},"canonical":"https:\/\/www.pondlehocky.com\/es\/noticias\/el-socio-tom-giordano-modera-la-mesa-redonda-sobre-discapacidad-de-la-seguridad-social\/","og_locale":"es_ES","og_type":"article","og_title":"El socio Tom Giordano modera la mesa redonda sobre discapacidad de la Seguridad Social","og_description":"Esta semana, el socio Tom Giordano moder\u00f3 un panel organizado por el Comit\u00e9 de Beneficios de Incapacidad del Seguro Social de la Asociaci\u00f3n de Abogados de\u2026","og_url":"https:\/\/www.pondlehocky.com\/es\/noticias\/el-socio-tom-giordano-modera-la-mesa-redonda-sobre-discapacidad-de-la-seguridad-social\/","og_site_name":"Pond Lehocky Giordano, Inc.","article_publisher":"https:\/\/www.instagram.com\/pondlehocky\/","article_published_time":"2018-02-26T00:00:00+00:00","article_modified_time":"2024-07-24T16:49:12+00:00","og_image":[{"width":1404,"height":936,"url":"https:\/\/www.pondlehocky.com\/wp-content\/uploads\/2024\/05\/SetWidth1404-rsz-tomssdpanelplsg-version-10x.png","type":"image\/png"}],"author":"Pond Lehocky Giordano","twitter_card":"summary_large_image","twitter_misc":{"Escrito por":"Pond Lehocky Giordano","Tiempo de lectura":"1 minuto"},"schema":{"@context":"https:\/\/schema.org","@graph":[{"@type":"Article","@id":"https:\/\/www.pondlehocky.com\/es\/noticias\/el-socio-tom-giordano-modera-la-mesa-redonda-sobre-discapacidad-de-la-seguridad-social\/#article","isPartOf":{"@id":"https:\/\/www.pondlehocky.com\/es\/noticias\/el-socio-tom-giordano-modera-la-mesa-redonda-sobre-discapacidad-de-la-seguridad-social\/"},"author":{"name":"Pond Lehocky Giordano","@id":"https:\/\/www.pondlehocky.com\/es\/#\/schema\/person\/35ab62d43691100875722530e4c480fe"},"headline":"El socio Tom Giordano modera la mesa redonda sobre discapacidad de la Seguridad Social","datePublished":"2018-02-26T00:00:00+00:00","dateModified":"2024-07-24T16:49:12+00:00","mainEntityOfPage":{"@id":"https:\/\/www.pondlehocky.com\/es\/noticias\/el-socio-tom-giordano-modera-la-mesa-redonda-sobre-discapacidad-de-la-seguridad-social\/"},"wordCount":14,"commentCount":0,"publisher":{"@id":"https:\/\/www.pondlehocky.com\/es\/#organization"},"image":{"@id":"https:\/\/www.pondlehocky.com\/es\/noticias\/el-socio-tom-giordano-modera-la-mesa-redonda-sobre-discapacidad-de-la-seguridad-social\/#primaryimage"},"thumbnailUrl":"https:\/\/www.pondlehocky.com\/wp-content\/uploads\/2024\/05\/SetWidth1404-rsz-tomssdpanelplsg-version-10x.png","articleSection":["Noticias"],"inLanguage":"es","potentialAction":[{"@type":"CommentAction","name":"Comment","target":["https:\/\/www.pondlehocky.com\/es\/noticias\/el-socio-tom-giordano-modera-la-mesa-redonda-sobre-discapacidad-de-la-seguridad-social\/#respond"]}]},{"@type":"WebPage","@id":"https:\/\/www.pondlehocky.com\/es\/noticias\/el-socio-tom-giordano-modera-la-mesa-redonda-sobre-discapacidad-de-la-seguridad-social\/","url":"https:\/\/www.pondlehocky.com\/es\/noticias\/el-socio-tom-giordano-modera-la-mesa-redonda-sobre-discapacidad-de-la-seguridad-social\/","name":"El socio Tom Giordano modera la mesa redonda sobre discapacidad de la Seguridad Social | Pond Lehocky Giordano LLP","isPartOf":{"@id":"https:\/\/www.pondlehocky.com\/es\/#website"},"primaryImageOfPage":{"@id":"https:\/\/www.pondlehocky.com\/es\/noticias\/el-socio-tom-giordano-modera-la-mesa-redonda-sobre-discapacidad-de-la-seguridad-social\/#primaryimage"},"image":{"@id":"https:\/\/www.pondlehocky.com\/es\/noticias\/el-socio-tom-giordano-modera-la-mesa-redonda-sobre-discapacidad-de-la-seguridad-social\/#primaryimage"},"thumbnailUrl":"https:\/\/www.pondlehocky.com\/wp-content\/uploads\/2024\/05\/SetWidth1404-rsz-tomssdpanelplsg-version-10x.png","datePublished":"2018-02-26T00:00:00+00:00","dateModified":"2024-07-24T16:49:12+00:00","description":"Esta semana, el socio Tom Giordano moder\u00f3 un panel organizado por el Comit\u00e9 de Beneficios de Incapacidad del Seguro Social de la Asociaci\u00f3n de Abogados de\u2026","breadcrumb":{"@id":"https:\/\/www.pondlehocky.com\/es\/noticias\/el-socio-tom-giordano-modera-la-mesa-redonda-sobre-discapacidad-de-la-seguridad-social\/#breadcrumb"},"inLanguage":"es","potentialAction":[{"@type":"ReadAction","target":["https:\/\/www.pondlehocky.com\/es\/noticias\/el-socio-tom-giordano-modera-la-mesa-redonda-sobre-discapacidad-de-la-seguridad-social\/"]}]},{"@type":"ImageObject","inLanguage":"es","@id":"https:\/\/www.pondlehocky.com\/es\/noticias\/el-socio-tom-giordano-modera-la-mesa-redonda-sobre-discapacidad-de-la-seguridad-social\/#primaryimage","url":"https:\/\/www.pondlehocky.com\/wp-content\/uploads\/2024\/05\/SetWidth1404-rsz-tomssdpanelplsg-version-10x.png","contentUrl":"https:\/\/www.pondlehocky.com\/wp-content\/uploads\/2024\/05\/SetWidth1404-rsz-tomssdpanelplsg-version-10x.png","width":1404,"height":936,"caption":"Tom Giordano Moderates for Social Security Disability Panel"},{"@type":"BreadcrumbList","@id":"https:\/\/www.pondlehocky.com\/es\/noticias\/el-socio-tom-giordano-modera-la-mesa-redonda-sobre-discapacidad-de-la-seguridad-social\/#breadcrumb","itemListElement":[{"@type":"ListItem","position":1,"name":"Home","item":"https:\/\/www.pondlehocky.com\/es\/homepage\/"},{"@type":"ListItem","position":2,"name":"El socio Tom Giordano modera la mesa redonda sobre discapacidad de la Seguridad Social"}]},{"@type":"WebSite","@id":"https:\/\/www.pondlehocky.com\/es\/#website","url":"https:\/\/www.pondlehocky.com\/es\/","name":"Pond Lehocky Giordano, Inc.","description":"Largest workers\u2019 compensation and Social Security disability law firm in Pennsylvania","publisher":{"@id":"https:\/\/www.pondlehocky.com\/es\/#organization"},"alternateName":"Pond Lehocky Giordano, Inc.","potentialAction":[{"@type":"SearchAction","target":{"@type":"EntryPoint","urlTemplate":"https:\/\/www.pondlehocky.com\/es\/?s={search_term_string}"},"query-input":{"@type":"PropertyValueSpecification","valueRequired":true,"valueName":"search_term_string"}}],"inLanguage":"es"},{"@type":"Organization","@id":"https:\/\/www.pondlehocky.com\/es\/#organization","name":"Pond Lehocky Giordano, Inc","alternateName":"Pond Lehocky Giordano, Inc.","url":"https:\/\/www.pondlehocky.com\/es\/","logo":{"@type":"ImageObject","inLanguage":"es","@id":"https:\/\/www.pondlehocky.com\/es\/#\/schema\/logo\/image\/","url":"https:\/\/www.pondlehocky.com\/wp-content\/uploads\/2024\/04\/pond-lehocky-logo.png","contentUrl":"https:\/\/www.pondlehocky.com\/wp-content\/uploads\/2024\/04\/pond-lehocky-logo.png","width":355,"height":28,"caption":"Pond Lehocky Giordano, Inc"},"image":{"@id":"https:\/\/www.pondlehocky.com\/es\/#\/schema\/logo\/image\/"},"sameAs":["https:\/\/www.instagram.com\/pondlehocky\/","https:\/\/www.youtube.com\/user\/pondlehocky","https:\/\/www.tiktok.com\/@pondlehockygiordano","https:\/\/www.facebook.com\/PondLehocky","https:\/\/www.linkedin.com\/company\/pond-lehocky-giordano\/"]},{"@type":"Person","@id":"https:\/\/www.pondlehocky.com\/es\/#\/schema\/person\/35ab62d43691100875722530e4c480fe","name":"Pond Lehocky Giordano","image":{"@type":"ImageObject","inLanguage":"es","@id":"https:\/\/secure.gravatar.com\/avatar\/72273a5cc5a08cabb6e52f1e1bbfe544ff9d2cf0d943ec0c53ac7d2c721fb024?s=96&d=mm&r=g","url":"https:\/\/secure.gravatar.com\/avatar\/72273a5cc5a08cabb6e52f1e1bbfe544ff9d2cf0d943ec0c53ac7d2c721fb024?s=96&d=mm&r=g","contentUrl":"https:\/\/secure.gravatar.com\/avatar\/72273a5cc5a08cabb6e52f1e1bbfe544ff9d2cf0d943ec0c53ac7d2c721fb024?s=96&d=mm&r=g","caption":"Pond Lehocky Giordano"},"sameAs":["https:\/\/www.pondlehocky.com"],"url":"https:\/\/www.pondlehocky.com\/es\/author\/pond-lehocky-giordano\/"}]}},"_links":{"self":[{"href":"https:\/\/www.pondlehocky.com\/es\/wp-json\/wp\/v2\/posts\/1978","targetHints":{"allow":["GET"]}}],"collection":[{"href":"https:\/\/www.pondlehocky.com\/es\/wp-json\/wp\/v2\/posts"}],"about":[{"href":"https:\/\/www.pondlehocky.com\/es\/wp-json\/wp\/v2\/types\/post"}],"author":[{"embeddable":true,"href":"https:\/\/www.pondlehocky.com\/es\/wp-json\/wp\/v2\/users\/1"}],"replies":[{"embeddable":true,"href":"https:\/\/www.pondlehocky.com\/es\/wp-json\/wp\/v2\/comments?post=1978"}],"version-history":[{"count":0,"href":"https:\/\/www.pondlehocky.com\/es\/wp-json\/wp\/v2\/posts\/1978\/revisions"}],"wp:featuredmedia":[{"embeddable":true,"href":"https:\/\/www.pondlehocky.com\/es\/wp-json\/wp\/v2\/media\/1694"}],"wp:attachment":[{"href":"https:\/\/www.pondlehocky.com\/es\/wp-json\/wp\/v2\/media?parent=1978"}],"wp:term":[{"taxonomy":"category","embeddable":true,"href":"https:\/\/www.pondlehocky.com\/es\/wp-json\/wp\/v2\/categories?post=1978"},{"taxonomy":"post_tag","embeddable":true,"href":"https:\/\/www.pondlehocky.com\/es\/wp-json\/wp\/v2\/tags?post=1978"}],"curies":[{"name":"wp","href":"https:\/\/api.w.org\/{rel}","templated":true}]}}