{"id":2255,"date":"2020-07-28T16:10:21","date_gmt":"2020-07-28T16:10:21","guid":{"rendered":"https:\/\/www.pondlehocky.com\/los-trabajadores-protestan-por-la-desigualdad-racial-en-una-jornada-de-huelga-nacional\/"},"modified":"2024-07-23T15:56:10","modified_gmt":"2024-07-23T15:56:10","slug":"los-trabajadores-protestan-por-la-desigualdad-racial-en-una-jornada-de-huelga-nacional","status":"publish","type":"post","link":"https:\/\/www.pondlehocky.com\/es\/entradas-del-blog\/los-trabajadores-protestan-por-la-desigualdad-racial-en-una-jornada-de-huelga-nacional\/","title":{"rendered":"Los trabajadores protestan por la desigualdad racial en una jornada de huelga nacional"},"content":{"rendered":"<p class=\"Component-root-0-2-60 Component-p-0-2-52\">Informe de NUEVA YORK (AP) &#8211; Los trabajadores de la industria de los servicios, las cadenas de comida r\u00e1pida y la econom\u00eda colaborativa se unieron a los trabajadores organizados el lunes para protestar contra el racismo sist\u00e9mico y la desigualdad econ\u00f3mica, organizando manifestaciones en todo Estados Unidos y en todo el mundo en busca de un mejor tratamiento de los estadounidenses negros en el lugar de trabajo.<\/p>\n<p class=\"Component-root-0-2-60 Component-p-0-2-52\">Los organizadores dijeron que al menos 20.000 trabajadores de 160 ciudades abandonaron el trabajo, inspirados por el ajuste de cuentas racial que sigui\u00f3 a la muerte de varios hombres y mujeres negros a manos de la polic\u00eda. El apoyo visible se produjo en gran medida en las protestas que atrajeron a personas cuyos empleos en la sanidad, el transporte y la construcci\u00f3n no les permiten trabajar desde casa durante la <a class=\"\" href=\"https:\/\/apnews.com\/92e4b9699100a5b02fa603508115809c\">pandemia de coronavirus<\/a>.<\/p>\n<p class=\"Component-root-0-2-60 Component-p-0-2-52\">\u00abLo que dicen los manifestantes es que si queremos preocuparnos -y debemos hacerlo- por la violencia policial y por las personas que mueren a manos de la polic\u00eda&#8230; tambi\u00e9n tenemos que preocuparnos por las personas que mueren y se ven abocadas a situaciones letales por la explotaci\u00f3n econ\u00f3mica en todo el pa\u00eds\u00bb, dijo el reverendo William Barber II, copresidente de la Campa\u00f1a de los Pobres, una de las organizaciones que se asociaron para apoyar la huelga.<\/p>\n<p class=\"Component-root-0-2-60 Component-p-0-2-52\">Barber dijo a The Associated Press que la afluencia de p\u00fablico del lunes demostr\u00f3 la importancia del tema para la gente que est\u00e1 dispuesta a salir durante una pandemia para hacer o\u00edr su voz.<\/p>\n<p class=\"Component-root-0-2-60 Component-p-0-2-52\">\u00abLamentablemente, si no est\u00e1n en la calle, los sistemas pol\u00edticos no se mueven, porque cuando s\u00f3lo env\u00edas un correo electr\u00f3nico o un tuit, lo ignoran\u00bb, dijo.<\/p>\n<p class=\"Component-root-0-2-60 Component-p-0-2-52\">La Huelga por las Vidas Negras fue organizada o apoyada por m\u00e1s de 60 sindicatos y organizaciones de justicia social y racial, que celebraron diversos actos en m\u00e1s de dos docenas de ciudades. El apoyo super\u00f3 con creces las expectativas, seg\u00fan los organizadores, aunque no se dispone de un recuento preciso de la participaci\u00f3n.<\/p>\n<p class=\"Component-root-0-2-60 Component-p-0-2-52\">En los casos en los que no fue posible realizar paros durante todo el d\u00eda, los participantes hicieron piquetes durante la pausa del almuerzo o se arrodillaron en memoria de las v\u00edctimas de la brutalidad policial, entre ellas George Floyd, un hombre negro muerto bajo custodia policial en Minneapolis a finales de mayo.<\/p>\n<p class=\"Component-root-0-2-60 Component-p-0-2-52\">Decenas de conserjes, guardias de seguridad y trabajadores sanitarios guardaron un minuto de silencio en Denver en honor a Floyd.<\/p>\n<p class=\"Component-root-0-2-60 Component-p-0-2-52\">En San Francisco, 1.500 trabajadores de la limpieza se manifestaron hasta el Ayuntamiento. Los cocineros y cajeros de comida r\u00e1pida en Los \u00c1ngeles y los trabajadores de residencias de ancianos en St. Paul, Minnesota, tambi\u00e9n se pusieron en huelga, seg\u00fan los organizadores.<\/p>\n<p class=\"Component-root-0-2-60 Component-p-0-2-52\">En un McDonald&#8217;s de Los \u00c1ngeles, los trabajadores bloquearon el autoservicio durante 8 minutos y 46 segundos, m\u00e1s o menos el tiempo que, seg\u00fan los fiscales, un agente de polic\u00eda blanco mantuvo su rodilla en el cuello de Floyd mientras \u00e9ste ped\u00eda aire.<\/p>\n<p class=\"Component-root-0-2-60 Component-p-0-2-52\">Jerome Gage, de 28 a\u00f1os, fue uno de las pocas docenas de conductores de Lyft y Uber que se unieron a una caravana de coches en Los \u00c1ngeles para pedir a las empresas que proporcionen beneficios como el seguro m\u00e9dico y la baja por enfermedad pagada a los trabajadores gigas.<\/p>\n<p class=\"Component-root-0-2-60 Component-p-0-2-52\">\u00abEs algo b\u00e1sico, y crea un entorno econ\u00f3mico m\u00e1s rentable para todos, no s\u00f3lo para las empresas\u00bb, dijo Gage.<\/p>\n<p class=\"Component-root-0-2-60 Component-p-0-2-52\">Glen Brown, un agente en silla de ruedas de 48 a\u00f1os de edad, en el centro de salud Minneapolis-St. Paul International Airport, dijo que su trabajo no le da la opci\u00f3n de distanciarse socialmente. Brown y sus compa\u00f1eros pidieron un salario m\u00ednimo de 15 d\u00f3lares durante un acto en St. Paul, y dijo que los trabajadores estaban \u00abaprovechando nuestro momento\u00bb para buscar el cambio.<\/p>\n<p class=\"Component-root-0-2-60 Component-p-0-2-52\">\u00abSomos trabajadores de primera l\u00ednea, (y) nos jugamos la vida, pero lo hacemos con un salario que ni siquiera se corresponde con el riesgo\u00bb, dijo Brown.<\/p>\n<p class=\"Component-root-0-2-60 Component-p-0-2-52\">En Manhattan, m\u00e1s de 150 trabajadores sindicalizados se concentraron frente al Trump International Hotel para exigir al Senado y al presidente Donald Trump que aprueben la Ley HEROES, que proporciona equipos de protecci\u00f3n, salarios esenciales y prestaciones de desempleo ampliadas a los trabajadores que no pueden trabajar desde casa. La C\u00e1mara ya la ha aprobado.<\/p>\n<p class=\"Component-root-0-2-60 Component-p-0-2-52\">En otros lugares de la ciudad de Nueva York y en Nueva Jersey y Connecticut, los organizadores dijeron que 6.000 trabajadores de 85 residencias de ancianos hicieron piquetes, abandonaron el trabajo o adoptaron otras medidas para poner de manifiesto el riesgo que corren los trabajadores, predominantemente negros e hispanos, y los residentes a los que atienden, si no cuentan con el equipo de protecci\u00f3n adecuado durante la pandemia.<\/p>\n<p class=\"Component-root-0-2-60 Component-p-0-2-52\">En Massachusetts, unas 200 personas, entre las que se encontraban trabajadores de la sanidad, conserjes y otros empleados esenciales, se unieron a los candidatos dem\u00f3cratas al Senado de EE.UU. frente a la Statehouse de Boston.<\/p>\n<p class=\"Component-root-0-2-60 Component-p-0-2-52\">\u00abEstamos sobrecargados de trabajo y mal pagados, y eso hace que a veces se pierda la compasi\u00f3n\u00bb, dijo Toyai Anderson, de 44 a\u00f1os, auxiliar de enfermer\u00eda en el Hartford Nursing and Rehab Center de Detroit. \u00abMe hace dudar si estoy seguro de que esta es mi vocaci\u00f3n\u00bb.<\/p>\n<p class=\"Component-root-0-2-60 Component-p-0-2-52\">Anderson gana 15,75 d\u00f3lares la hora tras 13 a\u00f1os de trabajo. A nivel nacional, el ayudante de enfermer\u00eda t\u00edpico gana 13,38 d\u00f3lares, seg\u00fan el grupo de defensa de los trabajadores sanitarios PCI. Uno de cada cuatro trabajadores de residencias de ancianos es negro.<\/p>\n<p class=\"Component-root-0-2-60 Component-p-0-2-52\">Otros cientos de trabajadores de seis residencias de ancianos de Detroit abandonaron el trabajo, seg\u00fan el Sindicato Internacional de Empleados de Servicios. Los trabajadores exigen mayores salarios y m\u00e1s equipos de seguridad para evitar que se contagien y propaguen el virus, as\u00ed como mejores prestaciones sanitarias y bajas por enfermedad pagadas.<\/p>\n<p class=\"Component-root-0-2-60 Component-p-0-2-52\">Los participantes de todo el pa\u00eds exigieron ampliamente que las empresas y el gobierno act\u00faen para hacer frente al racismo y la desigualdad que limitan la movilidad y la promoci\u00f3n profesional de muchos trabajadores negros e hispanos, que constituyen un n\u00famero desproporcionado de los que ganan menos de un salario digno.<\/p>\n<p class=\"Component-root-0-2-60 Component-p-0-2-52\">Las reivindicaciones incluyen la posibilidad de que los trabajadores se sindicalicen para negociar una mejor asistencia sanitaria, bajas por enfermedad y ayudas para el cuidado de los ni\u00f1os.<\/p>\n<p class=\"Component-root-0-2-60 Component-p-0-2-52\">En Corea del Sur, los miembros de un sindicato de trabajadores del transporte aprobaron una resoluci\u00f3n de apoyo a la huelga, levantaron los pu\u00f1os y corearon \u00abBlack lives matter\u00bb en coreano y \u00abNo justice, no peace\u00bb en ingl\u00e9s.<\/p>\n<p class=\"Component-root-0-2-60 Component-p-0-2-52\">En Brasil, los trabajadores de McDonald&#8217;s se manifestaron ante el restaurante insignia de Sao Paulo. Las dos mayores federaciones sindicales brasile\u00f1as, que representan a m\u00e1s de 24 millones de trabajadores, presentaron una denuncia ante un fiscal nacional en la que describ\u00edan ejemplos de racismo estructural en la empresa.<\/p>\n<p class=\"Component-root-0-2-60 Component-p-0-2-52\">McDonald&#8217;s dijo que est\u00e1 con las comunidades negras de todo el mundo.<\/p>\n<p class=\"Component-root-0-2-60 Component-p-0-2-52\">\u00abCreemos que las vidas de los negros importan, y es nuestra responsabilidad seguir escuchando y aprendiendo e impulsando una sociedad m\u00e1s equitativa e inclusiva\u00bb, dijo la empresa con sede en Chicago en un comunicado.<\/p>\n<p class=\"Component-root-0-2-60 Component-p-0-2-52\">Justice Favor, de 38 a\u00f1os, organizador del sindicato internacional de trabajadores Local 79, que representa a 10.000 trabajadores de la construcci\u00f3n predominantemente negros e hispanos en la ciudad de Nueva York, dijo que espera que la huelga motive a m\u00e1s trabajadores blancos a reconocer la existencia del racismo y la discriminaci\u00f3n en el lugar de trabajo.<\/p>\n<p class=\"Component-root-0-2-60 Component-p-0-2-52\">\u00abHubo un tiempo en que los irlandeses y los italianos tambi\u00e9n eran un pueblo subyugado\u00bb, dijo Favor, que es negro. \u00ab\u00bfC\u00f3mo te sentir\u00edas si no fueras capaz de asimilarte plenamente a la sociedad? Una vez que tienes la mente abierta, tienes que denunciar a tus compa\u00f1eros que hacen el mal a los dem\u00e1s\u00bb.<\/p>\n","protected":false},"excerpt":{"rendered":"<p>Informe de NUEVA YORK (AP) &#8211; Los trabajadores de la industria de los servicios, las cadenas de comida r\u00e1pida y la econom\u00eda colaborativa se unieron a los trabajadores organizados el lunes para protestar contra el racismo sist\u00e9mico y la desigualdad econ\u00f3mica, organizando manifestaciones en todo Estados Unidos y en todo el mundo en busca de [&hellip;]<\/p>\n","protected":false},"author":1,"featured_media":1093,"comment_status":"open","ping_status":"open","sticky":false,"template":"","format":"standard","meta":{"_acf_changed":false,"footnotes":"","_elementor_data":""},"categories":[20],"tags":[],"class_list":["post-2255","post","type-post","status-publish","format-standard","has-post-thumbnail","hentry","category-entradas-del-blog"],"acf":[],"page_builder_type":"gutenberg","gutenberg_data":[],"yoast_head":"<!-- This site is optimized with the Yoast SEO Premium plugin v27.5 (Yoast SEO v27.5) - https:\/\/yoast.com\/product\/yoast-seo-premium-wordpress\/ -->\n<title>Los trabajadores protestan por la desigualdad racial en una jornada de huelga nacional | Pond Lehocky Giordano LLP<\/title>\n<meta name=\"description\" content=\"Informe de NUEVA YORK (AP) \u2013 Los trabajadores de la industria de los servicios, las cadenas de comida r\u00e1pida y la econom\u00eda colaborativa se unieron a los\u2026\" \/>\n<meta name=\"robots\" content=\"index, follow, max-snippet:-1, max-image-preview:large, max-video-preview:-1\" \/>\n<link rel=\"canonical\" href=\"https:\/\/www.pondlehocky.com\/es\/entradas-del-blog\/los-trabajadores-protestan-por-la-desigualdad-racial-en-una-jornada-de-huelga-nacional\/\" \/>\n<meta property=\"og:locale\" content=\"es_ES\" \/>\n<meta property=\"og:type\" content=\"article\" \/>\n<meta property=\"og:title\" content=\"Los trabajadores protestan por la desigualdad racial en una jornada de huelga nacional\" \/>\n<meta property=\"og:description\" content=\"Informe de NUEVA YORK (AP) \u2013 Los trabajadores de la industria de los servicios, las cadenas de comida r\u00e1pida y la econom\u00eda colaborativa se unieron a los\u2026\" \/>\n<meta property=\"og:url\" content=\"https:\/\/www.pondlehocky.com\/es\/entradas-del-blog\/los-trabajadores-protestan-por-la-desigualdad-racial-en-una-jornada-de-huelga-nacional\/\" \/>\n<meta property=\"og:site_name\" content=\"Pond Lehocky Giordano, Inc.\" \/>\n<meta property=\"article:publisher\" content=\"https:\/\/www.instagram.com\/pondlehocky\/\" \/>\n<meta property=\"article:published_time\" content=\"2020-07-28T16:10:21+00:00\" \/>\n<meta property=\"article:modified_time\" content=\"2024-07-23T15:56:10+00:00\" \/>\n<meta property=\"og:image\" content=\"https:\/\/www.pondlehocky.com\/wp-content\/uploads\/2024\/05\/RacialInequalityNationalStrike_Graphic.png\" \/>\n\t<meta property=\"og:image:width\" content=\"1668\" \/>\n\t<meta property=\"og:image:height\" content=\"1251\" \/>\n\t<meta property=\"og:image:type\" content=\"image\/png\" \/>\n<meta name=\"author\" content=\"Pond Lehocky Giordano\" \/>\n<meta name=\"twitter:card\" content=\"summary_large_image\" \/>\n<meta name=\"twitter:label1\" content=\"Escrito por\" \/>\n\t<meta name=\"twitter:data1\" content=\"Pond Lehocky Giordano\" \/>\n\t<meta name=\"twitter:label2\" content=\"Tiempo de lectura\" \/>\n\t<meta name=\"twitter:data2\" content=\"6 minutos\" \/>\n<script type=\"application\/ld+json\" class=\"yoast-schema-graph\">{\"@context\":\"https:\\\/\\\/schema.org\",\"@graph\":[{\"@type\":\"Article\",\"@id\":\"https:\\\/\\\/www.pondlehocky.com\\\/es\\\/entradas-del-blog\\\/los-trabajadores-protestan-por-la-desigualdad-racial-en-una-jornada-de-huelga-nacional\\\/#article\",\"isPartOf\":{\"@id\":\"https:\\\/\\\/www.pondlehocky.com\\\/es\\\/entradas-del-blog\\\/los-trabajadores-protestan-por-la-desigualdad-racial-en-una-jornada-de-huelga-nacional\\\/\"},\"author\":{\"name\":\"Pond Lehocky Giordano\",\"@id\":\"https:\\\/\\\/www.pondlehocky.com\\\/es\\\/#\\\/schema\\\/person\\\/35ab62d43691100875722530e4c480fe\"},\"headline\":\"Los trabajadores protestan por la desigualdad racial en una jornada de huelga nacional\",\"datePublished\":\"2020-07-28T16:10:21+00:00\",\"dateModified\":\"2024-07-23T15:56:10+00:00\",\"mainEntityOfPage\":{\"@id\":\"https:\\\/\\\/www.pondlehocky.com\\\/es\\\/entradas-del-blog\\\/los-trabajadores-protestan-por-la-desigualdad-racial-en-una-jornada-de-huelga-nacional\\\/\"},\"wordCount\":1344,\"commentCount\":0,\"publisher\":{\"@id\":\"https:\\\/\\\/www.pondlehocky.com\\\/es\\\/#organization\"},\"image\":{\"@id\":\"https:\\\/\\\/www.pondlehocky.com\\\/es\\\/entradas-del-blog\\\/los-trabajadores-protestan-por-la-desigualdad-racial-en-una-jornada-de-huelga-nacional\\\/#primaryimage\"},\"thumbnailUrl\":\"https:\\\/\\\/www.pondlehocky.com\\\/wp-content\\\/uploads\\\/2024\\\/05\\\/RacialInequalityNationalStrike_Graphic.png\",\"articleSection\":[\"Entradas del blog\"],\"inLanguage\":\"es\",\"potentialAction\":[{\"@type\":\"CommentAction\",\"name\":\"Comment\",\"target\":[\"https:\\\/\\\/www.pondlehocky.com\\\/es\\\/entradas-del-blog\\\/los-trabajadores-protestan-por-la-desigualdad-racial-en-una-jornada-de-huelga-nacional\\\/#respond\"]}]},{\"@type\":\"WebPage\",\"@id\":\"https:\\\/\\\/www.pondlehocky.com\\\/es\\\/entradas-del-blog\\\/los-trabajadores-protestan-por-la-desigualdad-racial-en-una-jornada-de-huelga-nacional\\\/\",\"url\":\"https:\\\/\\\/www.pondlehocky.com\\\/es\\\/entradas-del-blog\\\/los-trabajadores-protestan-por-la-desigualdad-racial-en-una-jornada-de-huelga-nacional\\\/\",\"name\":\"Los trabajadores protestan por la desigualdad racial en una jornada de huelga nacional | Pond Lehocky Giordano LLP\",\"isPartOf\":{\"@id\":\"https:\\\/\\\/www.pondlehocky.com\\\/es\\\/#website\"},\"primaryImageOfPage\":{\"@id\":\"https:\\\/\\\/www.pondlehocky.com\\\/es\\\/entradas-del-blog\\\/los-trabajadores-protestan-por-la-desigualdad-racial-en-una-jornada-de-huelga-nacional\\\/#primaryimage\"},\"image\":{\"@id\":\"https:\\\/\\\/www.pondlehocky.com\\\/es\\\/entradas-del-blog\\\/los-trabajadores-protestan-por-la-desigualdad-racial-en-una-jornada-de-huelga-nacional\\\/#primaryimage\"},\"thumbnailUrl\":\"https:\\\/\\\/www.pondlehocky.com\\\/wp-content\\\/uploads\\\/2024\\\/05\\\/RacialInequalityNationalStrike_Graphic.png\",\"datePublished\":\"2020-07-28T16:10:21+00:00\",\"dateModified\":\"2024-07-23T15:56:10+00:00\",\"description\":\"Informe de NUEVA YORK (AP) \u2013 Los trabajadores de la industria de los servicios, las cadenas de comida r\u00e1pida y la econom\u00eda colaborativa se unieron a los\u2026\",\"breadcrumb\":{\"@id\":\"https:\\\/\\\/www.pondlehocky.com\\\/es\\\/entradas-del-blog\\\/los-trabajadores-protestan-por-la-desigualdad-racial-en-una-jornada-de-huelga-nacional\\\/#breadcrumb\"},\"inLanguage\":\"es\",\"potentialAction\":[{\"@type\":\"ReadAction\",\"target\":[\"https:\\\/\\\/www.pondlehocky.com\\\/es\\\/entradas-del-blog\\\/los-trabajadores-protestan-por-la-desigualdad-racial-en-una-jornada-de-huelga-nacional\\\/\"]}]},{\"@type\":\"ImageObject\",\"inLanguage\":\"es\",\"@id\":\"https:\\\/\\\/www.pondlehocky.com\\\/es\\\/entradas-del-blog\\\/los-trabajadores-protestan-por-la-desigualdad-racial-en-una-jornada-de-huelga-nacional\\\/#primaryimage\",\"url\":\"https:\\\/\\\/www.pondlehocky.com\\\/wp-content\\\/uploads\\\/2024\\\/05\\\/RacialInequalityNationalStrike_Graphic.png\",\"contentUrl\":\"https:\\\/\\\/www.pondlehocky.com\\\/wp-content\\\/uploads\\\/2024\\\/05\\\/RacialInequalityNationalStrike_Graphic.png\",\"width\":1668,\"height\":1251,\"caption\":\"Workers protest racial inequality on day of national strike\"},{\"@type\":\"BreadcrumbList\",\"@id\":\"https:\\\/\\\/www.pondlehocky.com\\\/es\\\/entradas-del-blog\\\/los-trabajadores-protestan-por-la-desigualdad-racial-en-una-jornada-de-huelga-nacional\\\/#breadcrumb\",\"itemListElement\":[{\"@type\":\"ListItem\",\"position\":1,\"name\":\"Home\",\"item\":\"https:\\\/\\\/www.pondlehocky.com\\\/es\\\/homepage\\\/\"},{\"@type\":\"ListItem\",\"position\":2,\"name\":\"Los trabajadores protestan por la desigualdad racial en una jornada de huelga nacional\"}]},{\"@type\":\"WebSite\",\"@id\":\"https:\\\/\\\/www.pondlehocky.com\\\/es\\\/#website\",\"url\":\"https:\\\/\\\/www.pondlehocky.com\\\/es\\\/\",\"name\":\"Pond Lehocky Giordano, Inc.\",\"description\":\"Largest workers\u2019 compensation and Social Security disability law firm in Pennsylvania\",\"publisher\":{\"@id\":\"https:\\\/\\\/www.pondlehocky.com\\\/es\\\/#organization\"},\"alternateName\":\"Pond Lehocky Giordano, Inc.\",\"potentialAction\":[{\"@type\":\"SearchAction\",\"target\":{\"@type\":\"EntryPoint\",\"urlTemplate\":\"https:\\\/\\\/www.pondlehocky.com\\\/es\\\/?s={search_term_string}\"},\"query-input\":{\"@type\":\"PropertyValueSpecification\",\"valueRequired\":true,\"valueName\":\"search_term_string\"}}],\"inLanguage\":\"es\"},{\"@type\":\"Organization\",\"@id\":\"https:\\\/\\\/www.pondlehocky.com\\\/es\\\/#organization\",\"name\":\"Pond Lehocky Giordano, Inc\",\"alternateName\":\"Pond Lehocky Giordano, Inc.\",\"url\":\"https:\\\/\\\/www.pondlehocky.com\\\/es\\\/\",\"logo\":{\"@type\":\"ImageObject\",\"inLanguage\":\"es\",\"@id\":\"https:\\\/\\\/www.pondlehocky.com\\\/es\\\/#\\\/schema\\\/logo\\\/image\\\/\",\"url\":\"https:\\\/\\\/www.pondlehocky.com\\\/wp-content\\\/uploads\\\/2024\\\/04\\\/pond-lehocky-logo.png\",\"contentUrl\":\"https:\\\/\\\/www.pondlehocky.com\\\/wp-content\\\/uploads\\\/2024\\\/04\\\/pond-lehocky-logo.png\",\"width\":355,\"height\":28,\"caption\":\"Pond Lehocky Giordano, Inc\"},\"image\":{\"@id\":\"https:\\\/\\\/www.pondlehocky.com\\\/es\\\/#\\\/schema\\\/logo\\\/image\\\/\"},\"sameAs\":[\"https:\\\/\\\/www.instagram.com\\\/pondlehocky\\\/\",\"https:\\\/\\\/www.youtube.com\\\/user\\\/pondlehocky\",\"https:\\\/\\\/www.tiktok.com\\\/@pondlehockygiordano\",\"https:\\\/\\\/www.facebook.com\\\/PondLehocky\",\"https:\\\/\\\/www.linkedin.com\\\/company\\\/pond-lehocky-giordano\\\/\"]},{\"@type\":\"Person\",\"@id\":\"https:\\\/\\\/www.pondlehocky.com\\\/es\\\/#\\\/schema\\\/person\\\/35ab62d43691100875722530e4c480fe\",\"name\":\"Pond Lehocky Giordano\",\"image\":{\"@type\":\"ImageObject\",\"inLanguage\":\"es\",\"@id\":\"https:\\\/\\\/secure.gravatar.com\\\/avatar\\\/72273a5cc5a08cabb6e52f1e1bbfe544ff9d2cf0d943ec0c53ac7d2c721fb024?s=96&d=mm&r=g\",\"url\":\"https:\\\/\\\/secure.gravatar.com\\\/avatar\\\/72273a5cc5a08cabb6e52f1e1bbfe544ff9d2cf0d943ec0c53ac7d2c721fb024?s=96&d=mm&r=g\",\"contentUrl\":\"https:\\\/\\\/secure.gravatar.com\\\/avatar\\\/72273a5cc5a08cabb6e52f1e1bbfe544ff9d2cf0d943ec0c53ac7d2c721fb024?s=96&d=mm&r=g\",\"caption\":\"Pond Lehocky Giordano\"},\"sameAs\":[\"https:\\\/\\\/www.pondlehocky.com\"],\"url\":\"https:\\\/\\\/www.pondlehocky.com\\\/es\\\/author\\\/pond-lehocky-giordano\\\/\"}]}<\/script>\n<!-- \/ Yoast SEO Premium plugin. -->","yoast_head_json":{"title":"Los trabajadores protestan por la desigualdad racial en una jornada de huelga nacional | Pond Lehocky Giordano LLP","description":"Informe de NUEVA YORK (AP) \u2013 Los trabajadores de la industria de los servicios, las cadenas de comida r\u00e1pida y la econom\u00eda colaborativa se unieron a los\u2026","robots":{"index":"index","follow":"follow","max-snippet":"max-snippet:-1","max-image-preview":"max-image-preview:large","max-video-preview":"max-video-preview:-1"},"canonical":"https:\/\/www.pondlehocky.com\/es\/entradas-del-blog\/los-trabajadores-protestan-por-la-desigualdad-racial-en-una-jornada-de-huelga-nacional\/","og_locale":"es_ES","og_type":"article","og_title":"Los trabajadores protestan por la desigualdad racial en una jornada de huelga nacional","og_description":"Informe de NUEVA YORK (AP) \u2013 Los trabajadores de la industria de los servicios, las cadenas de comida r\u00e1pida y la econom\u00eda colaborativa se unieron a los\u2026","og_url":"https:\/\/www.pondlehocky.com\/es\/entradas-del-blog\/los-trabajadores-protestan-por-la-desigualdad-racial-en-una-jornada-de-huelga-nacional\/","og_site_name":"Pond Lehocky Giordano, Inc.","article_publisher":"https:\/\/www.instagram.com\/pondlehocky\/","article_published_time":"2020-07-28T16:10:21+00:00","article_modified_time":"2024-07-23T15:56:10+00:00","og_image":[{"width":1668,"height":1251,"url":"https:\/\/www.pondlehocky.com\/wp-content\/uploads\/2024\/05\/RacialInequalityNationalStrike_Graphic.png","type":"image\/png"}],"author":"Pond Lehocky Giordano","twitter_card":"summary_large_image","twitter_misc":{"Escrito por":"Pond Lehocky Giordano","Tiempo de lectura":"6 minutos"},"schema":{"@context":"https:\/\/schema.org","@graph":[{"@type":"Article","@id":"https:\/\/www.pondlehocky.com\/es\/entradas-del-blog\/los-trabajadores-protestan-por-la-desigualdad-racial-en-una-jornada-de-huelga-nacional\/#article","isPartOf":{"@id":"https:\/\/www.pondlehocky.com\/es\/entradas-del-blog\/los-trabajadores-protestan-por-la-desigualdad-racial-en-una-jornada-de-huelga-nacional\/"},"author":{"name":"Pond Lehocky Giordano","@id":"https:\/\/www.pondlehocky.com\/es\/#\/schema\/person\/35ab62d43691100875722530e4c480fe"},"headline":"Los trabajadores protestan por la desigualdad racial en una jornada de huelga nacional","datePublished":"2020-07-28T16:10:21+00:00","dateModified":"2024-07-23T15:56:10+00:00","mainEntityOfPage":{"@id":"https:\/\/www.pondlehocky.com\/es\/entradas-del-blog\/los-trabajadores-protestan-por-la-desigualdad-racial-en-una-jornada-de-huelga-nacional\/"},"wordCount":1344,"commentCount":0,"publisher":{"@id":"https:\/\/www.pondlehocky.com\/es\/#organization"},"image":{"@id":"https:\/\/www.pondlehocky.com\/es\/entradas-del-blog\/los-trabajadores-protestan-por-la-desigualdad-racial-en-una-jornada-de-huelga-nacional\/#primaryimage"},"thumbnailUrl":"https:\/\/www.pondlehocky.com\/wp-content\/uploads\/2024\/05\/RacialInequalityNationalStrike_Graphic.png","articleSection":["Entradas del blog"],"inLanguage":"es","potentialAction":[{"@type":"CommentAction","name":"Comment","target":["https:\/\/www.pondlehocky.com\/es\/entradas-del-blog\/los-trabajadores-protestan-por-la-desigualdad-racial-en-una-jornada-de-huelga-nacional\/#respond"]}]},{"@type":"WebPage","@id":"https:\/\/www.pondlehocky.com\/es\/entradas-del-blog\/los-trabajadores-protestan-por-la-desigualdad-racial-en-una-jornada-de-huelga-nacional\/","url":"https:\/\/www.pondlehocky.com\/es\/entradas-del-blog\/los-trabajadores-protestan-por-la-desigualdad-racial-en-una-jornada-de-huelga-nacional\/","name":"Los trabajadores protestan por la desigualdad racial en una jornada de huelga nacional | Pond Lehocky Giordano LLP","isPartOf":{"@id":"https:\/\/www.pondlehocky.com\/es\/#website"},"primaryImageOfPage":{"@id":"https:\/\/www.pondlehocky.com\/es\/entradas-del-blog\/los-trabajadores-protestan-por-la-desigualdad-racial-en-una-jornada-de-huelga-nacional\/#primaryimage"},"image":{"@id":"https:\/\/www.pondlehocky.com\/es\/entradas-del-blog\/los-trabajadores-protestan-por-la-desigualdad-racial-en-una-jornada-de-huelga-nacional\/#primaryimage"},"thumbnailUrl":"https:\/\/www.pondlehocky.com\/wp-content\/uploads\/2024\/05\/RacialInequalityNationalStrike_Graphic.png","datePublished":"2020-07-28T16:10:21+00:00","dateModified":"2024-07-23T15:56:10+00:00","description":"Informe de NUEVA YORK (AP) \u2013 Los trabajadores de la industria de los servicios, las cadenas de comida r\u00e1pida y la econom\u00eda colaborativa se unieron a los\u2026","breadcrumb":{"@id":"https:\/\/www.pondlehocky.com\/es\/entradas-del-blog\/los-trabajadores-protestan-por-la-desigualdad-racial-en-una-jornada-de-huelga-nacional\/#breadcrumb"},"inLanguage":"es","potentialAction":[{"@type":"ReadAction","target":["https:\/\/www.pondlehocky.com\/es\/entradas-del-blog\/los-trabajadores-protestan-por-la-desigualdad-racial-en-una-jornada-de-huelga-nacional\/"]}]},{"@type":"ImageObject","inLanguage":"es","@id":"https:\/\/www.pondlehocky.com\/es\/entradas-del-blog\/los-trabajadores-protestan-por-la-desigualdad-racial-en-una-jornada-de-huelga-nacional\/#primaryimage","url":"https:\/\/www.pondlehocky.com\/wp-content\/uploads\/2024\/05\/RacialInequalityNationalStrike_Graphic.png","contentUrl":"https:\/\/www.pondlehocky.com\/wp-content\/uploads\/2024\/05\/RacialInequalityNationalStrike_Graphic.png","width":1668,"height":1251,"caption":"Workers protest racial inequality on day of national strike"},{"@type":"BreadcrumbList","@id":"https:\/\/www.pondlehocky.com\/es\/entradas-del-blog\/los-trabajadores-protestan-por-la-desigualdad-racial-en-una-jornada-de-huelga-nacional\/#breadcrumb","itemListElement":[{"@type":"ListItem","position":1,"name":"Home","item":"https:\/\/www.pondlehocky.com\/es\/homepage\/"},{"@type":"ListItem","position":2,"name":"Los trabajadores protestan por la desigualdad racial en una jornada de huelga nacional"}]},{"@type":"WebSite","@id":"https:\/\/www.pondlehocky.com\/es\/#website","url":"https:\/\/www.pondlehocky.com\/es\/","name":"Pond Lehocky Giordano, Inc.","description":"Largest workers\u2019 compensation and Social Security disability law firm in Pennsylvania","publisher":{"@id":"https:\/\/www.pondlehocky.com\/es\/#organization"},"alternateName":"Pond Lehocky Giordano, Inc.","potentialAction":[{"@type":"SearchAction","target":{"@type":"EntryPoint","urlTemplate":"https:\/\/www.pondlehocky.com\/es\/?s={search_term_string}"},"query-input":{"@type":"PropertyValueSpecification","valueRequired":true,"valueName":"search_term_string"}}],"inLanguage":"es"},{"@type":"Organization","@id":"https:\/\/www.pondlehocky.com\/es\/#organization","name":"Pond Lehocky Giordano, Inc","alternateName":"Pond Lehocky Giordano, Inc.","url":"https:\/\/www.pondlehocky.com\/es\/","logo":{"@type":"ImageObject","inLanguage":"es","@id":"https:\/\/www.pondlehocky.com\/es\/#\/schema\/logo\/image\/","url":"https:\/\/www.pondlehocky.com\/wp-content\/uploads\/2024\/04\/pond-lehocky-logo.png","contentUrl":"https:\/\/www.pondlehocky.com\/wp-content\/uploads\/2024\/04\/pond-lehocky-logo.png","width":355,"height":28,"caption":"Pond Lehocky Giordano, Inc"},"image":{"@id":"https:\/\/www.pondlehocky.com\/es\/#\/schema\/logo\/image\/"},"sameAs":["https:\/\/www.instagram.com\/pondlehocky\/","https:\/\/www.youtube.com\/user\/pondlehocky","https:\/\/www.tiktok.com\/@pondlehockygiordano","https:\/\/www.facebook.com\/PondLehocky","https:\/\/www.linkedin.com\/company\/pond-lehocky-giordano\/"]},{"@type":"Person","@id":"https:\/\/www.pondlehocky.com\/es\/#\/schema\/person\/35ab62d43691100875722530e4c480fe","name":"Pond Lehocky Giordano","image":{"@type":"ImageObject","inLanguage":"es","@id":"https:\/\/secure.gravatar.com\/avatar\/72273a5cc5a08cabb6e52f1e1bbfe544ff9d2cf0d943ec0c53ac7d2c721fb024?s=96&d=mm&r=g","url":"https:\/\/secure.gravatar.com\/avatar\/72273a5cc5a08cabb6e52f1e1bbfe544ff9d2cf0d943ec0c53ac7d2c721fb024?s=96&d=mm&r=g","contentUrl":"https:\/\/secure.gravatar.com\/avatar\/72273a5cc5a08cabb6e52f1e1bbfe544ff9d2cf0d943ec0c53ac7d2c721fb024?s=96&d=mm&r=g","caption":"Pond Lehocky Giordano"},"sameAs":["https:\/\/www.pondlehocky.com"],"url":"https:\/\/www.pondlehocky.com\/es\/author\/pond-lehocky-giordano\/"}]}},"_links":{"self":[{"href":"https:\/\/www.pondlehocky.com\/es\/wp-json\/wp\/v2\/posts\/2255","targetHints":{"allow":["GET"]}}],"collection":[{"href":"https:\/\/www.pondlehocky.com\/es\/wp-json\/wp\/v2\/posts"}],"about":[{"href":"https:\/\/www.pondlehocky.com\/es\/wp-json\/wp\/v2\/types\/post"}],"author":[{"embeddable":true,"href":"https:\/\/www.pondlehocky.com\/es\/wp-json\/wp\/v2\/users\/1"}],"replies":[{"embeddable":true,"href":"https:\/\/www.pondlehocky.com\/es\/wp-json\/wp\/v2\/comments?post=2255"}],"version-history":[{"count":0,"href":"https:\/\/www.pondlehocky.com\/es\/wp-json\/wp\/v2\/posts\/2255\/revisions"}],"wp:featuredmedia":[{"embeddable":true,"href":"https:\/\/www.pondlehocky.com\/es\/wp-json\/wp\/v2\/media\/1093"}],"wp:attachment":[{"href":"https:\/\/www.pondlehocky.com\/es\/wp-json\/wp\/v2\/media?parent=2255"}],"wp:term":[{"taxonomy":"category","embeddable":true,"href":"https:\/\/www.pondlehocky.com\/es\/wp-json\/wp\/v2\/categories?post=2255"},{"taxonomy":"post_tag","embeddable":true,"href":"https:\/\/www.pondlehocky.com\/es\/wp-json\/wp\/v2\/tags?post=2255"}],"curies":[{"name":"wp","href":"https:\/\/api.w.org\/{rel}","templated":true}]}}